{"id":1,"date":"2021-06-03T22:41:30","date_gmt":"2021-06-03T22:41:30","guid":{"rendered":"https:\/\/semillero.socios.com.co\/?p=1"},"modified":"2021-06-07T15:25:00","modified_gmt":"2021-06-07T20:25:00","slug":"hola-mundo","status":"publish","type":"post","link":"https:\/\/semillero.socios.com.co\/index.php\/2021\/06\/03\/hola-mundo\/","title":{"rendered":"2da Convocatoria de Inscripci\u00f3n al Semillero de Investigaci\u00f3n &#8211; Sispem"},"content":{"rendered":"\n<p class=\"wp-block-paragraph\">El 17 de Marzo se abri\u00f3 la segunda convocatoria para Semilleros de Investigaci\u00f3n de Microbiolog\u00eda y Salud P\u00fablica, como una estrategia para fortalecer la investigaci\u00f3n formativa, el dise\u00f1o y desarrollo de proyectos de investigaci\u00f3n en espacios extracurriculares.<\/p>\n\n\n\n<p class=\"wp-block-paragraph\">\u200b<\/p>\n\n\n\n<p class=\"wp-block-paragraph\">Se iniciar\u00e1 la primera reuni\u00f3n el d\u00eda Lunes 24 de Abril de 2017, hora: 6:00 pm en el Sal\u00f3n 402 del Edificio Roberto Serpa a&nbsp;de la Facultad de Salud de la Universidad Industrial de Santander.<\/p>\n","protected":false},"excerpt":{"rendered":"<p>El 17 de Marzo se abri\u00f3 la segunda convocatoria para Semilleros de Investigaci\u00f3n de Microbiolog\u00eda y Salud P\u00fablica, como una estrategia para fortalecer la investigaci\u00f3n formativa, el dise\u00f1o y desarrollo de proyectos de investigaci\u00f3n en espacios extracurriculares. \u200b Se iniciar\u00e1 la primera reuni\u00f3n el d\u00eda Lunes 24 de Abril de 2017, hora: 6:00 pm en [&hellip;]<\/p>\n","protected":false},"author":1,"featured_media":2864,"comment_status":"open","ping_status":"open","sticky":false,"template":"","format":"standard","meta":{"om_disable_all_campaigns":false,"footnotes":""},"categories":[1],"tags":[],"class_list":["post-1","post","type-post","status-publish","format-standard","has-post-thumbnail","hentry","category-sin-categoria",""],"aioseo_notices":[],"aioseo_head":"\n\t\t<!-- All in One SEO 5.0.1.1 - aioseo.com -->\n\t<meta name=\"description\" content=\"El 17 de Marzo se abri\u00f3 la segunda convocatoria para Semilleros de Investigaci\u00f3n de Microbiolog\u00eda y Salud P\u00fablica, como una estrategia para fortalecer la investigaci\u00f3n formativa, el dise\u00f1o y desarrollo de proyectos de investigaci\u00f3n en espacios extracurriculares. \u200b Se iniciar\u00e1 la primera reuni\u00f3n el d\u00eda Lunes 24 de Abril de 2017, hora: 6:00 pm en\" \/>\n\t<meta name=\"robots\" content=\"max-image-preview:large\" \/>\n\t<meta name=\"author\" content=\"Sispem\"\/>\n\t<link rel=\"canonical\" href=\"https:\/\/semillero.socios.com.co\/index.php\/2021\/06\/03\/hola-mundo\/\" \/>\n\t<meta name=\"generator\" content=\"All in One SEO (AIOSEO) 5.0.1.1\" \/>\n\t\t<meta property=\"og:locale\" content=\"es_ES\" \/>\n\t\t<meta property=\"og:site_name\" content=\"Semillero SISPEM - Universidad Industrial de Santander\" \/>\n\t\t<meta property=\"og:type\" content=\"article\" \/>\n\t\t<meta property=\"og:title\" content=\"2da Convocatoria de Inscripci\u00f3n al Semillero de Investigaci\u00f3n \u2013 Sispem - Semillero SISPEM\" \/>\n\t\t<meta property=\"og:description\" content=\"El 17 de Marzo se abri\u00f3 la segunda convocatoria para Semilleros de Investigaci\u00f3n de Microbiolog\u00eda y Salud P\u00fablica, como una estrategia para fortalecer la investigaci\u00f3n formativa, el dise\u00f1o y desarrollo de proyectos de investigaci\u00f3n en espacios extracurriculares. \u200b Se iniciar\u00e1 la primera reuni\u00f3n el d\u00eda Lunes 24 de Abril de 2017, hora: 6:00 pm en\" \/>\n\t\t<meta property=\"og:url\" content=\"https:\/\/semillero.socios.com.co\/index.php\/2021\/06\/03\/hola-mundo\/\" \/>\n\t\t<meta property=\"article:published_time\" content=\"2021-06-03T22:41:30+00:00\" \/>\n\t\t<meta property=\"article:modified_time\" content=\"2021-06-07T20:25:00+00:00\" \/>\n\t\t<meta name=\"twitter:card\" content=\"summary_large_image\" \/>\n\t\t<meta name=\"twitter:title\" content=\"2da Convocatoria de Inscripci\u00f3n al Semillero de Investigaci\u00f3n \u2013 Sispem - Semillero SISPEM\" \/>\n\t\t<meta name=\"twitter:description\" content=\"El 17 de Marzo se abri\u00f3 la segunda convocatoria para Semilleros de Investigaci\u00f3n de Microbiolog\u00eda y Salud P\u00fablica, como una estrategia para fortalecer la investigaci\u00f3n formativa, el dise\u00f1o y desarrollo de proyectos de investigaci\u00f3n en espacios extracurriculares. \u200b Se iniciar\u00e1 la primera reuni\u00f3n el d\u00eda Lunes 24 de Abril de 2017, hora: 6:00 pm en\" \/>\n\t\t<script type=\"application\/ld+json\" class=\"aioseo-schema\">\n\t\t\t{\"@context\":\"https:\\\/\\\/schema.org\",\"@graph\":[{\"@type\":\"BlogPosting\",\"@id\":\"https:\\\/\\\/semillero.socios.com.co\\\/index.php\\\/2021\\\/06\\\/03\\\/hola-mundo\\\/#blogposting\",\"name\":\"2da Convocatoria de Inscripci\\u00f3n al Semillero de Investigaci\\u00f3n \\u2013 Sispem - Semillero SISPEM\",\"headline\":\"2da Convocatoria de Inscripci\\u00f3n al Semillero de Investigaci\\u00f3n &#8211; Sispem\",\"author\":{\"@id\":\"https:\\\/\\\/semillero.socios.com.co\\\/index.php\\\/author\\\/sispem\\\/#author\"},\"publisher\":{\"@id\":\"https:\\\/\\\/semillero.socios.com.co\\\/#organization\"},\"image\":{\"@type\":\"ImageObject\",\"url\":\"https:\\\/\\\/semillero.socios.com.co\\\/wp-content\\\/uploads\\\/2021\\\/06\\\/2da.png\",\"width\":411,\"height\":234},\"datePublished\":\"2021-06-03T22:41:30-05:00\",\"dateModified\":\"2021-06-07T15:25:00-05:00\",\"inLanguage\":\"es-ES\",\"mainEntityOfPage\":{\"@id\":\"https:\\\/\\\/semillero.socios.com.co\\\/index.php\\\/2021\\\/06\\\/03\\\/hola-mundo\\\/#webpage\"},\"isPartOf\":{\"@id\":\"https:\\\/\\\/semillero.socios.com.co\\\/index.php\\\/2021\\\/06\\\/03\\\/hola-mundo\\\/#webpage\"},\"articleSection\":\"Sin categor\\u00eda\"},{\"@type\":\"BreadcrumbList\",\"@id\":\"https:\\\/\\\/semillero.socios.com.co\\\/index.php\\\/2021\\\/06\\\/03\\\/hola-mundo\\\/#breadcrumblist\",\"itemListElement\":[{\"@type\":\"ListItem\",\"@id\":\"https:\\\/\\\/semillero.socios.com.co#listItem\",\"position\":1,\"name\":\"Inicio\",\"item\":\"https:\\\/\\\/semillero.socios.com.co\",\"nextItem\":{\"@type\":\"ListItem\",\"@id\":\"https:\\\/\\\/semillero.socios.com.co\\\/index.php\\\/category\\\/sin-categoria\\\/#listItem\",\"name\":\"Sin categor\\u00eda\"}},{\"@type\":\"ListItem\",\"@id\":\"https:\\\/\\\/semillero.socios.com.co\\\/index.php\\\/category\\\/sin-categoria\\\/#listItem\",\"position\":2,\"name\":\"Sin categor\\u00eda\",\"item\":\"https:\\\/\\\/semillero.socios.com.co\\\/index.php\\\/category\\\/sin-categoria\\\/\",\"nextItem\":{\"@type\":\"ListItem\",\"@id\":\"https:\\\/\\\/semillero.socios.com.co\\\/index.php\\\/2021\\\/06\\\/03\\\/hola-mundo\\\/#listItem\",\"name\":\"2da Convocatoria de Inscripci\\u00f3n al Semillero de Investigaci\\u00f3n &#8211; Sispem\"},\"previousItem\":{\"@type\":\"ListItem\",\"@id\":\"https:\\\/\\\/semillero.socios.com.co#listItem\",\"name\":\"Inicio\"}},{\"@type\":\"ListItem\",\"@id\":\"https:\\\/\\\/semillero.socios.com.co\\\/index.php\\\/2021\\\/06\\\/03\\\/hola-mundo\\\/#listItem\",\"position\":3,\"name\":\"2da Convocatoria de Inscripci\\u00f3n al Semillero de Investigaci\\u00f3n &#8211; Sispem\",\"previousItem\":{\"@type\":\"ListItem\",\"@id\":\"https:\\\/\\\/semillero.socios.com.co\\\/index.php\\\/category\\\/sin-categoria\\\/#listItem\",\"name\":\"Sin categor\\u00eda\"}}]},{\"@type\":\"Organization\",\"@id\":\"https:\\\/\\\/semillero.socios.com.co\\\/#organization\",\"name\":\"Semillero SISPEM\",\"description\":\"Universidad Industrial de Santander\",\"url\":\"https:\\\/\\\/semillero.socios.com.co\\\/\"},{\"@type\":\"Person\",\"@id\":\"https:\\\/\\\/semillero.socios.com.co\\\/index.php\\\/author\\\/sispem\\\/#author\",\"url\":\"https:\\\/\\\/semillero.socios.com.co\\\/index.php\\\/author\\\/sispem\\\/\",\"name\":\"Sispem\",\"image\":{\"@type\":\"ImageObject\",\"@id\":\"https:\\\/\\\/semillero.socios.com.co\\\/index.php\\\/2021\\\/06\\\/03\\\/hola-mundo\\\/#authorImage\",\"url\":\"https:\\\/\\\/secure.gravatar.com\\\/avatar\\\/8cb0d9d70bb0d5fc520a7a126523333e1a105b124d85b2382039d15b6db32917?s=96&d=mm&r=g\",\"width\":96,\"height\":96,\"caption\":\"Sispem\"}},{\"@type\":\"WebPage\",\"@id\":\"https:\\\/\\\/semillero.socios.com.co\\\/index.php\\\/2021\\\/06\\\/03\\\/hola-mundo\\\/#webpage\",\"url\":\"https:\\\/\\\/semillero.socios.com.co\\\/index.php\\\/2021\\\/06\\\/03\\\/hola-mundo\\\/\",\"name\":\"2da Convocatoria de Inscripci\\u00f3n al Semillero de Investigaci\\u00f3n \\u2013 Sispem - Semillero SISPEM\",\"description\":\"El 17 de Marzo se abri\\u00f3 la segunda convocatoria para Semilleros de Investigaci\\u00f3n de Microbiolog\\u00eda y Salud P\\u00fablica, como una estrategia para fortalecer la investigaci\\u00f3n formativa, el dise\\u00f1o y desarrollo de proyectos de investigaci\\u00f3n en espacios extracurriculares. \\u200b Se iniciar\\u00e1 la primera reuni\\u00f3n el d\\u00eda Lunes 24 de Abril de 2017, hora: 6:00 pm en\",\"inLanguage\":\"es-ES\",\"isPartOf\":{\"@id\":\"https:\\\/\\\/semillero.socios.com.co\\\/#website\"},\"breadcrumb\":{\"@id\":\"https:\\\/\\\/semillero.socios.com.co\\\/index.php\\\/2021\\\/06\\\/03\\\/hola-mundo\\\/#breadcrumblist\"},\"author\":{\"@id\":\"https:\\\/\\\/semillero.socios.com.co\\\/index.php\\\/author\\\/sispem\\\/#author\"},\"creator\":{\"@id\":\"https:\\\/\\\/semillero.socios.com.co\\\/index.php\\\/author\\\/sispem\\\/#author\"},\"image\":{\"@type\":\"ImageObject\",\"url\":\"https:\\\/\\\/semillero.socios.com.co\\\/wp-content\\\/uploads\\\/2021\\\/06\\\/2da.png\",\"@id\":\"https:\\\/\\\/semillero.socios.com.co\\\/index.php\\\/2021\\\/06\\\/03\\\/hola-mundo\\\/#mainImage\",\"width\":411,\"height\":234},\"primaryImageOfPage\":{\"@id\":\"https:\\\/\\\/semillero.socios.com.co\\\/index.php\\\/2021\\\/06\\\/03\\\/hola-mundo\\\/#mainImage\"},\"datePublished\":\"2021-06-03T22:41:30-05:00\",\"dateModified\":\"2021-06-07T15:25:00-05:00\"},{\"@type\":\"WebSite\",\"@id\":\"https:\\\/\\\/semillero.socios.com.co\\\/#website\",\"url\":\"https:\\\/\\\/semillero.socios.com.co\\\/\",\"name\":\"Semillero SISPEM\",\"description\":\"Universidad Industrial de Santander\",\"inLanguage\":\"es-ES\",\"publisher\":{\"@id\":\"https:\\\/\\\/semillero.socios.com.co\\\/#organization\"}}]}\n\t\t<\/script>\n\t\t<!-- All in One SEO -->\n\n","aioseo_head_json":{"title":"2da Convocatoria de Inscripci\u00f3n al Semillero de Investigaci\u00f3n \u2013 Sispem - Semillero SISPEM","description":"El 17 de Marzo se abri\u00f3 la segunda convocatoria para Semilleros de Investigaci\u00f3n de Microbiolog\u00eda y Salud P\u00fablica, como una estrategia para fortalecer la investigaci\u00f3n formativa, el dise\u00f1o y desarrollo de proyectos de investigaci\u00f3n en espacios extracurriculares. \u200b Se iniciar\u00e1 la primera reuni\u00f3n el d\u00eda Lunes 24 de Abril de 2017, hora: 6:00 pm en","canonical_url":"https:\/\/semillero.socios.com.co\/index.php\/2021\/06\/03\/hola-mundo\/","robots":"max-image-preview:large","keywords":"","webmasterTools":{"miscellaneous":""},"schema":{"@context":"https:\/\/schema.org","@graph":[{"@type":"BlogPosting","@id":"https:\/\/semillero.socios.com.co\/index.php\/2021\/06\/03\/hola-mundo\/#blogposting","name":"2da Convocatoria de Inscripci\u00f3n al Semillero de Investigaci\u00f3n \u2013 Sispem - Semillero SISPEM","headline":"2da Convocatoria de Inscripci\u00f3n al Semillero de Investigaci\u00f3n &#8211; Sispem","author":{"@id":"https:\/\/semillero.socios.com.co\/index.php\/author\/sispem\/#author"},"publisher":{"@id":"https:\/\/semillero.socios.com.co\/#organization"},"image":{"@type":"ImageObject","url":"https:\/\/semillero.socios.com.co\/wp-content\/uploads\/2021\/06\/2da.png","width":411,"height":234},"datePublished":"2021-06-03T22:41:30-05:00","dateModified":"2021-06-07T15:25:00-05:00","inLanguage":"es-ES","mainEntityOfPage":{"@id":"https:\/\/semillero.socios.com.co\/index.php\/2021\/06\/03\/hola-mundo\/#webpage"},"isPartOf":{"@id":"https:\/\/semillero.socios.com.co\/index.php\/2021\/06\/03\/hola-mundo\/#webpage"},"articleSection":"Sin categor\u00eda"},{"@type":"BreadcrumbList","@id":"https:\/\/semillero.socios.com.co\/index.php\/2021\/06\/03\/hola-mundo\/#breadcrumblist","itemListElement":[{"@type":"ListItem","@id":"https:\/\/semillero.socios.com.co#listItem","position":1,"name":"Inicio","item":"https:\/\/semillero.socios.com.co","nextItem":{"@type":"ListItem","@id":"https:\/\/semillero.socios.com.co\/index.php\/category\/sin-categoria\/#listItem","name":"Sin categor\u00eda"}},{"@type":"ListItem","@id":"https:\/\/semillero.socios.com.co\/index.php\/category\/sin-categoria\/#listItem","position":2,"name":"Sin categor\u00eda","item":"https:\/\/semillero.socios.com.co\/index.php\/category\/sin-categoria\/","nextItem":{"@type":"ListItem","@id":"https:\/\/semillero.socios.com.co\/index.php\/2021\/06\/03\/hola-mundo\/#listItem","name":"2da Convocatoria de Inscripci\u00f3n al Semillero de Investigaci\u00f3n &#8211; Sispem"},"previousItem":{"@type":"ListItem","@id":"https:\/\/semillero.socios.com.co#listItem","name":"Inicio"}},{"@type":"ListItem","@id":"https:\/\/semillero.socios.com.co\/index.php\/2021\/06\/03\/hola-mundo\/#listItem","position":3,"name":"2da Convocatoria de Inscripci\u00f3n al Semillero de Investigaci\u00f3n &#8211; Sispem","previousItem":{"@type":"ListItem","@id":"https:\/\/semillero.socios.com.co\/index.php\/category\/sin-categoria\/#listItem","name":"Sin categor\u00eda"}}]},{"@type":"Organization","@id":"https:\/\/semillero.socios.com.co\/#organization","name":"Semillero SISPEM","description":"Universidad Industrial de Santander","url":"https:\/\/semillero.socios.com.co\/"},{"@type":"Person","@id":"https:\/\/semillero.socios.com.co\/index.php\/author\/sispem\/#author","url":"https:\/\/semillero.socios.com.co\/index.php\/author\/sispem\/","name":"Sispem","image":{"@type":"ImageObject","@id":"https:\/\/semillero.socios.com.co\/index.php\/2021\/06\/03\/hola-mundo\/#authorImage","url":"https:\/\/secure.gravatar.com\/avatar\/8cb0d9d70bb0d5fc520a7a126523333e1a105b124d85b2382039d15b6db32917?s=96&d=mm&r=g","width":96,"height":96,"caption":"Sispem"}},{"@type":"WebPage","@id":"https:\/\/semillero.socios.com.co\/index.php\/2021\/06\/03\/hola-mundo\/#webpage","url":"https:\/\/semillero.socios.com.co\/index.php\/2021\/06\/03\/hola-mundo\/","name":"2da Convocatoria de Inscripci\u00f3n al Semillero de Investigaci\u00f3n \u2013 Sispem - Semillero SISPEM","description":"El 17 de Marzo se abri\u00f3 la segunda convocatoria para Semilleros de Investigaci\u00f3n de Microbiolog\u00eda y Salud P\u00fablica, como una estrategia para fortalecer la investigaci\u00f3n formativa, el dise\u00f1o y desarrollo de proyectos de investigaci\u00f3n en espacios extracurriculares. \u200b Se iniciar\u00e1 la primera reuni\u00f3n el d\u00eda Lunes 24 de Abril de 2017, hora: 6:00 pm en","inLanguage":"es-ES","isPartOf":{"@id":"https:\/\/semillero.socios.com.co\/#website"},"breadcrumb":{"@id":"https:\/\/semillero.socios.com.co\/index.php\/2021\/06\/03\/hola-mundo\/#breadcrumblist"},"author":{"@id":"https:\/\/semillero.socios.com.co\/index.php\/author\/sispem\/#author"},"creator":{"@id":"https:\/\/semillero.socios.com.co\/index.php\/author\/sispem\/#author"},"image":{"@type":"ImageObject","url":"https:\/\/semillero.socios.com.co\/wp-content\/uploads\/2021\/06\/2da.png","@id":"https:\/\/semillero.socios.com.co\/index.php\/2021\/06\/03\/hola-mundo\/#mainImage","width":411,"height":234},"primaryImageOfPage":{"@id":"https:\/\/semillero.socios.com.co\/index.php\/2021\/06\/03\/hola-mundo\/#mainImage"},"datePublished":"2021-06-03T22:41:30-05:00","dateModified":"2021-06-07T15:25:00-05:00"},{"@type":"WebSite","@id":"https:\/\/semillero.socios.com.co\/#website","url":"https:\/\/semillero.socios.com.co\/","name":"Semillero SISPEM","description":"Universidad Industrial de Santander","inLanguage":"es-ES","publisher":{"@id":"https:\/\/semillero.socios.com.co\/#organization"}}]},"og:locale":"es_ES","og:site_name":"Semillero SISPEM - Universidad Industrial de Santander","og:type":"article","og:title":"2da Convocatoria de Inscripci\u00f3n al Semillero de Investigaci\u00f3n \u2013 Sispem - Semillero SISPEM","og:description":"El 17 de Marzo se abri\u00f3 la segunda convocatoria para Semilleros de Investigaci\u00f3n de Microbiolog\u00eda y Salud P\u00fablica, como una estrategia para fortalecer la investigaci\u00f3n formativa, el dise\u00f1o y desarrollo de proyectos de investigaci\u00f3n en espacios extracurriculares. \u200b Se iniciar\u00e1 la primera reuni\u00f3n el d\u00eda Lunes 24 de Abril de 2017, hora: 6:00 pm en","og:url":"https:\/\/semillero.socios.com.co\/index.php\/2021\/06\/03\/hola-mundo\/","article:published_time":"2021-06-03T22:41:30+00:00","article:modified_time":"2021-06-07T20:25:00+00:00","twitter:card":"summary_large_image","twitter:title":"2da Convocatoria de Inscripci\u00f3n al Semillero de Investigaci\u00f3n \u2013 Sispem - Semillero SISPEM","twitter:description":"El 17 de Marzo se abri\u00f3 la segunda convocatoria para Semilleros de Investigaci\u00f3n de Microbiolog\u00eda y Salud P\u00fablica, como una estrategia para fortalecer la investigaci\u00f3n formativa, el dise\u00f1o y desarrollo de proyectos de investigaci\u00f3n en espacios extracurriculares. \u200b Se iniciar\u00e1 la primera reuni\u00f3n el d\u00eda Lunes 24 de Abril de 2017, hora: 6:00 pm en"},"aioseo_meta_data":{"post_id":"1","title":null,"description":null,"keywords":[],"keyphrases":{"focus":[],"additional":[]},"primary_term":null,"canonical_url":null,"og_title":null,"og_description":null,"og_object_type":"default","og_image_type":"default","og_image_url":null,"og_image_width":null,"og_image_height":null,"og_image_custom_url":null,"og_image_custom_fields":null,"og_video":"","og_custom_url":null,"og_article_section":null,"og_article_tags":[],"twitter_use_og":false,"twitter_card":"default","twitter_image_type":"default","twitter_image_url":null,"twitter_image_custom_url":null,"twitter_image_custom_fields":null,"twitter_title":null,"twitter_description":null,"schema":{"blockGraphs":[],"customGraphs":[],"default":{"data":{"Article":{"id":"aioseo-article-63d0174a727b7","slug":"article","graphName":"Article","label":"Art\u00edculo","properties":{"type":"BlogPosting","name":"#post_title","headline":"#post_title","description":"#post_excerpt","image":"","keywords":"","author":{"name":"#author_name","url":"#author_url"},"dates":{"include":true,"datePublished":"","dateModified":""}}},"Course":[],"Dataset":[],"FAQPage":[],"Movie":[],"Person":[],"Product":[],"ProductReview":[],"Car":[],"Recipe":[],"Service":[],"SoftwareApplication":[],"WebPage":[]},"graphName":"Article","isEnabled":true},"graphs":[]},"schema_type":"default","schema_type_options":"{\"article\":{\"articleType\":\"BlogPosting\"},\"course\":{\"name\":\"\",\"description\":\"\",\"provider\":\"\"},\"faq\":{\"pages\":[]},\"product\":{\"reviews\":[]},\"recipe\":{\"ingredients\":[],\"instructions\":[],\"keywords\":[]},\"software\":{\"reviews\":[],\"operatingSystems\":[]},\"webPage\":{\"webPageType\":\"WebPage\"}}","pillar_content":false,"robots_default":true,"robots_noindex":false,"robots_noarchive":false,"robots_nosnippet":false,"robots_nofollow":false,"robots_noimageindex":false,"robots_noodp":false,"robots_notranslate":false,"robots_max_snippet":"-1","robots_max_videopreview":"-1","robots_max_imagepreview":"large","priority":null,"frequency":"default","local_seo":{"locations":{"business":{"name":"","businessType":"","image":"","areaServed":"","urls":{"website":"","aboutPage":"","contactPage":""},"address":{"streetLine1":"","streetLine2":"","zipCode":"","city":"","state":"","country":"","addressFormat":"#streetLineOne\n#streetLineTwo\n#city, #state #zipCode"},"contact":{"email":"","phone":"","phoneFormatted":"","fax":"","faxFormatted":""},"ids":{"vat":"","tax":"","chamberOfCommerce":""},"payment":{"priceRange":"","currenciesAccepted":"","methods":""}}},"openingHours":{"useDefaults":true,"show":true,"alwaysOpen":false,"use24hFormat":false,"timezone":"","labels":{"closed":"","alwaysOpen":""},"days":{"monday":{"open24h":false,"closed":false,"openTime":"09:00","closeTime":"17:00"},"tuesday":{"open24h":false,"closed":false,"openTime":"09:00","closeTime":"17:00"},"wednesday":{"open24h":false,"closed":false,"openTime":"09:00","closeTime":"17:00"},"thursday":{"open24h":false,"closed":false,"openTime":"09:00","closeTime":"17:00"},"friday":{"open24h":false,"closed":false,"openTime":"09:00","closeTime":"17:00"},"saturday":{"open24h":false,"closed":false,"openTime":"09:00","closeTime":"17:00"},"sunday":{"open24h":false,"closed":false,"openTime":"09:00","closeTime":"17:00"}}}},"limit_modified_date":false,"created":"2021-06-03 22:43:52","updated":"2026-09-02 14:39:32","focus_keyword":null,"additional_keywords":null,"truseo_locale":null,"ai":null,"breadcrumb_settings":null,"seo_analyzer_scan_date":null},"aioseo_breadcrumb":"<div class=\"aioseo-breadcrumbs\"><span class=\"aioseo-breadcrumb\">\n\t\t\t<a href=\"https:\/\/semillero.socios.com.co\" title=\"Inicio\">Inicio<\/a>\n\t\t<\/span><span class=\"aioseo-breadcrumb-separator\">&raquo;<\/span><span class=\"aioseo-breadcrumb\">\n\t\t\t<a href=\"https:\/\/semillero.socios.com.co\/index.php\/category\/sin-categoria\/\" title=\"Sin categor\u00eda\">Sin categor\u00eda<\/a>\n\t\t<\/span><span class=\"aioseo-breadcrumb-separator\">&raquo;<\/span><span class=\"aioseo-breadcrumb\">\n\t\t\t2da Convocatoria de Inscripci\u00f3n al Semillero de Investigaci\u00f3n \u2013 Sispem\n\t\t<\/span><\/div>","aioseo_breadcrumb_json":[{"label":"Inicio","link":"https:\/\/semillero.socios.com.co"},{"label":"Sin categor\u00eda","link":"https:\/\/semillero.socios.com.co\/index.php\/category\/sin-categoria\/"},{"label":"2da Convocatoria de Inscripci\u00f3n al Semillero de Investigaci\u00f3n &#8211; Sispem","link":"https:\/\/semillero.socios.com.co\/index.php\/2021\/06\/03\/hola-mundo\/"}],"_links":{"self":[{"href":"https:\/\/semillero.socios.com.co\/index.php\/wp-json\/wp\/v2\/posts\/1","targetHints":{"allow":["GET"]}}],"collection":[{"href":"https:\/\/semillero.socios.com.co\/index.php\/wp-json\/wp\/v2\/posts"}],"about":[{"href":"https:\/\/semillero.socios.com.co\/index.php\/wp-json\/wp\/v2\/types\/post"}],"author":[{"embeddable":true,"href":"https:\/\/semillero.socios.com.co\/index.php\/wp-json\/wp\/v2\/users\/1"}],"replies":[{"embeddable":true,"href":"https:\/\/semillero.socios.com.co\/index.php\/wp-json\/wp\/v2\/comments?post=1"}],"version-history":[{"count":0,"href":"https:\/\/semillero.socios.com.co\/index.php\/wp-json\/wp\/v2\/posts\/1\/revisions"}],"wp:featuredmedia":[{"embeddable":true,"href":"https:\/\/semillero.socios.com.co\/index.php\/wp-json\/wp\/v2\/media\/2864"}],"wp:attachment":[{"href":"https:\/\/semillero.socios.com.co\/index.php\/wp-json\/wp\/v2\/media?parent=1"}],"wp:term":[{"taxonomy":"category","embeddable":true,"href":"https:\/\/semillero.socios.com.co\/index.php\/wp-json\/wp\/v2\/categories?post=1"},{"taxonomy":"post_tag","embeddable":true,"href":"https:\/\/semillero.socios.com.co\/index.php\/wp-json\/wp\/v2\/tags?post=1"}],"curies":[{"name":"wp","href":"https:\/\/api.w.org\/{rel}","templated":true}]}}