{"id":3337,"date":"2021-10-28T17:58:00","date_gmt":"2021-10-28T22:58:00","guid":{"rendered":"https:\/\/semillero.socios.com.co\/?p=3337"},"modified":"2021-12-02T19:02:15","modified_gmt":"2021-12-03T00:02:15","slug":"participacion-en-el-congreso-internacional-multidisciplinario-de-investigacion","status":"publish","type":"post","link":"https:\/\/semillero.socios.com.co\/index.php\/2021\/10\/28\/participacion-en-el-congreso-internacional-multidisciplinario-de-investigacion\/","title":{"rendered":"Participaci\u00f3n en el Congreso Internacional Multidisciplinario de Investigaci\u00f3n"},"content":{"rendered":"\n<p class=\"has-black-color has-text-color wp-block-paragraph\">En concordancia con los objetivos propuestos para el a\u00f1o 2021, algunos de los integrantes del semillero participaron en la decimocuarta entrega del Congreso Internacional Multidisciplinario de Investigaci\u00f3n realizado por la Universidad Aut\u00f3noma de M\u00e9xico, esta vez en formato virtual. <\/p>\n\n\n\n<div class=\"wp-block-image\"><figure class=\"aligncenter is-resized\"><img loading=\"lazy\" decoding=\"async\" src=\"https:\/\/semillero.socios.com.co\/wp-content\/uploads\/2021\/12\/gvergrdt-2-1024x576.jpg\" alt=\"\" class=\"wp-image-3347\" width=\"726\" height=\"408\" srcset=\"https:\/\/semillero.socios.com.co\/wp-content\/uploads\/2021\/12\/gvergrdt-2-1024x576.jpg 1024w, https:\/\/semillero.socios.com.co\/wp-content\/uploads\/2021\/12\/gvergrdt-2-300x169.jpg 300w, https:\/\/semillero.socios.com.co\/wp-content\/uploads\/2021\/12\/gvergrdt-2-768x432.jpg 768w, https:\/\/semillero.socios.com.co\/wp-content\/uploads\/2021\/12\/gvergrdt-2-1536x864.jpg 1536w, https:\/\/semillero.socios.com.co\/wp-content\/uploads\/2021\/12\/gvergrdt-2-410x230.jpg 410w, https:\/\/semillero.socios.com.co\/wp-content\/uploads\/2021\/12\/gvergrdt-2-570x321.jpg 570w, https:\/\/semillero.socios.com.co\/wp-content\/uploads\/2021\/12\/gvergrdt-2.jpg 1920w\" sizes=\"auto, (max-width: 726px) 100vw, 726px\" \/><\/figure><\/div>\n\n\n\n<p class=\"has-black-color has-text-color wp-block-paragraph\">Los estudiantes Luisa Osorio, Nataly Vergara, Melissa G\u00f3mez y Javier Vesga realizaron sus ponencias durante la novena sesi\u00f3n del congreso relacionada con ciencias biol\u00f3gicas, qu\u00edmicas y de salud en horas de la ma\u00f1ana representando a la universidad y al semillero SISPEM. Ambos trabajos se encargaron de relacionar la migraci\u00f3n con la transmisi\u00f3n de agentes pat\u00f3genos, par\u00e1sitos y bacterias, respectivamente. <\/p>\n\n\n\n<div class=\"wp-block-columns is-layout-flex wp-container-core-columns-is-layout-8f761849 wp-block-columns-is-layout-flex\">\n<div class=\"wp-block-column is-layout-flow wp-block-column-is-layout-flow\" style=\"flex-basis:100%\">\n<div class=\"wp-block-columns is-layout-flex wp-container-core-columns-is-layout-8f761849 wp-block-columns-is-layout-flex\">\n<div class=\"wp-block-column is-layout-flow wp-block-column-is-layout-flow\" style=\"flex-basis:100%\">\n<div class=\"wp-block-group\"><div class=\"wp-block-group__inner-container is-layout-flow wp-block-group-is-layout-flow\">\n<div class=\"wp-block-columns is-layout-flex wp-container-core-columns-is-layout-8f761849 wp-block-columns-is-layout-flex\">\n<div class=\"wp-block-column is-layout-flow wp-block-column-is-layout-flow\" style=\"flex-basis:100%\">\n<div class=\"wp-block-group\"><div class=\"wp-block-group__inner-container is-layout-flow wp-block-group-is-layout-flow\">\n<div class=\"wp-block-image\"><figure class=\"aligncenter is-resized\"><img loading=\"lazy\" decoding=\"async\" src=\"https:\/\/semillero.socios.com.co\/wp-content\/uploads\/2021\/12\/dfgg-1-1024x576.jpg\" alt=\"\" class=\"wp-image-3349\" width=\"730\" height=\"411\" srcset=\"https:\/\/semillero.socios.com.co\/wp-content\/uploads\/2021\/12\/dfgg-1-1024x576.jpg 1024w, https:\/\/semillero.socios.com.co\/wp-content\/uploads\/2021\/12\/dfgg-1-300x169.jpg 300w, https:\/\/semillero.socios.com.co\/wp-content\/uploads\/2021\/12\/dfgg-1-768x432.jpg 768w, https:\/\/semillero.socios.com.co\/wp-content\/uploads\/2021\/12\/dfgg-1-1536x864.jpg 1536w, https:\/\/semillero.socios.com.co\/wp-content\/uploads\/2021\/12\/dfgg-1-410x230.jpg 410w, https:\/\/semillero.socios.com.co\/wp-content\/uploads\/2021\/12\/dfgg-1-570x321.jpg 570w, https:\/\/semillero.socios.com.co\/wp-content\/uploads\/2021\/12\/dfgg-1.jpg 1920w\" sizes=\"auto, (max-width: 730px) 100vw, 730px\" \/><\/figure><\/div>\n\n\n\n<p class=\"has-black-color has-text-color wp-block-paragraph\">Con este logro se completa y se cierra el ciclo de ponencias.  <\/p>\n<\/div><\/div>\n\n\n\n<div class=\"wp-block-columns is-layout-flex wp-container-core-columns-is-layout-8f761849 wp-block-columns-is-layout-flex\">\n<div class=\"wp-block-column is-layout-flow wp-block-column-is-layout-flow\" style=\"flex-basis:100%\"><\/div>\n<\/div>\n<\/div>\n<\/div>\n<\/div><\/div>\n<\/div>\n<\/div>\n<\/div>\n<\/div>\n","protected":false},"excerpt":{"rendered":"<p>En concordancia con los objetivos propuestos para el a\u00f1o 2021, algunos de los integrantes del semillero participaron en la decimocuarta entrega del Congreso Internacional Multidisciplinario de Investigaci\u00f3n realizado por la Universidad Aut\u00f3noma de M\u00e9xico, esta vez en formato virtual. Los estudiantes Luisa Osorio, Nataly Vergara, Melissa G\u00f3mez y Javier Vesga realizaron sus ponencias durante la [&hellip;]<\/p>\n","protected":false},"author":1,"featured_media":3341,"comment_status":"open","ping_status":"open","sticky":false,"template":"","format":"standard","meta":{"om_disable_all_campaigns":false,"footnotes":""},"categories":[1],"tags":[],"class_list":["post-3337","post","type-post","status-publish","format-standard","has-post-thumbnail","hentry","category-sin-categoria",""],"aioseo_notices":[],"aioseo_head":"\n\t\t<!-- All in One SEO 5.0.1.1 - aioseo.com -->\n\t<meta name=\"description\" content=\"En concordancia con los objetivos propuestos para el a\u00f1o 2021, algunos de los integrantes del semillero participaron en la decimocuarta entrega del Congreso Internacional Multidisciplinario de Investigaci\u00f3n realizado por la Universidad Aut\u00f3noma de M\u00e9xico, esta vez en formato virtual. Los estudiantes Luisa Osorio, Nataly Vergara, Melissa G\u00f3mez y Javier Vesga realizaron sus ponencias durante la\" \/>\n\t<meta name=\"robots\" content=\"max-image-preview:large\" \/>\n\t<meta name=\"author\" content=\"Sispem\"\/>\n\t<link rel=\"canonical\" href=\"https:\/\/semillero.socios.com.co\/index.php\/2021\/10\/28\/participacion-en-el-congreso-internacional-multidisciplinario-de-investigacion\/\" \/>\n\t<meta name=\"generator\" content=\"All in One SEO (AIOSEO) 5.0.1.1\" \/>\n\t\t<meta property=\"og:locale\" content=\"es_ES\" \/>\n\t\t<meta property=\"og:site_name\" content=\"Semillero SISPEM - Universidad Industrial de Santander\" \/>\n\t\t<meta property=\"og:type\" content=\"article\" \/>\n\t\t<meta property=\"og:title\" content=\"Participaci\u00f3n en el Congreso Internacional Multidisciplinario de Investigaci\u00f3n - Semillero SISPEM\" \/>\n\t\t<meta property=\"og:description\" content=\"En concordancia con los objetivos propuestos para el a\u00f1o 2021, algunos de los integrantes del semillero participaron en la decimocuarta entrega del Congreso Internacional Multidisciplinario de Investigaci\u00f3n realizado por la Universidad Aut\u00f3noma de M\u00e9xico, esta vez en formato virtual. Los estudiantes Luisa Osorio, Nataly Vergara, Melissa G\u00f3mez y Javier Vesga realizaron sus ponencias durante la\" \/>\n\t\t<meta property=\"og:url\" content=\"https:\/\/semillero.socios.com.co\/index.php\/2021\/10\/28\/participacion-en-el-congreso-internacional-multidisciplinario-de-investigacion\/\" \/>\n\t\t<meta property=\"article:published_time\" content=\"2021-10-28T22:58:00+00:00\" \/>\n\t\t<meta property=\"article:modified_time\" content=\"2021-12-03T00:02:15+00:00\" \/>\n\t\t<meta name=\"twitter:card\" content=\"summary_large_image\" \/>\n\t\t<meta name=\"twitter:title\" content=\"Participaci\u00f3n en el Congreso Internacional Multidisciplinario de Investigaci\u00f3n - Semillero SISPEM\" \/>\n\t\t<meta name=\"twitter:description\" content=\"En concordancia con los objetivos propuestos para el a\u00f1o 2021, algunos de los integrantes del semillero participaron en la decimocuarta entrega del Congreso Internacional Multidisciplinario de Investigaci\u00f3n realizado por la Universidad Aut\u00f3noma de M\u00e9xico, esta vez en formato virtual. Los estudiantes Luisa Osorio, Nataly Vergara, Melissa G\u00f3mez y Javier Vesga realizaron sus ponencias durante la\" \/>\n\t\t<script type=\"application\/ld+json\" class=\"aioseo-schema\">\n\t\t\t{\"@context\":\"https:\\\/\\\/schema.org\",\"@graph\":[{\"@type\":\"BlogPosting\",\"@id\":\"https:\\\/\\\/semillero.socios.com.co\\\/index.php\\\/2021\\\/10\\\/28\\\/participacion-en-el-congreso-internacional-multidisciplinario-de-investigacion\\\/#blogposting\",\"name\":\"Participaci\\u00f3n en el Congreso Internacional Multidisciplinario de Investigaci\\u00f3n - Semillero SISPEM\",\"headline\":\"Participaci\\u00f3n en el Congreso Internacional Multidisciplinario de Investigaci\\u00f3n\",\"author\":{\"@id\":\"https:\\\/\\\/semillero.socios.com.co\\\/index.php\\\/author\\\/sispem\\\/#author\"},\"publisher\":{\"@id\":\"https:\\\/\\\/semillero.socios.com.co\\\/#organization\"},\"image\":{\"@type\":\"ImageObject\",\"url\":\"https:\\\/\\\/semillero.socios.com.co\\\/wp-content\\\/uploads\\\/2021\\\/12\\\/1.png\",\"width\":390,\"height\":222},\"datePublished\":\"2021-10-28T17:58:00-05:00\",\"dateModified\":\"2021-12-02T19:02:15-05:00\",\"inLanguage\":\"es-ES\",\"mainEntityOfPage\":{\"@id\":\"https:\\\/\\\/semillero.socios.com.co\\\/index.php\\\/2021\\\/10\\\/28\\\/participacion-en-el-congreso-internacional-multidisciplinario-de-investigacion\\\/#webpage\"},\"isPartOf\":{\"@id\":\"https:\\\/\\\/semillero.socios.com.co\\\/index.php\\\/2021\\\/10\\\/28\\\/participacion-en-el-congreso-internacional-multidisciplinario-de-investigacion\\\/#webpage\"},\"articleSection\":\"Sin categor\\u00eda\"},{\"@type\":\"BreadcrumbList\",\"@id\":\"https:\\\/\\\/semillero.socios.com.co\\\/index.php\\\/2021\\\/10\\\/28\\\/participacion-en-el-congreso-internacional-multidisciplinario-de-investigacion\\\/#breadcrumblist\",\"itemListElement\":[{\"@type\":\"ListItem\",\"@id\":\"https:\\\/\\\/semillero.socios.com.co#listItem\",\"position\":1,\"name\":\"Inicio\",\"item\":\"https:\\\/\\\/semillero.socios.com.co\",\"nextItem\":{\"@type\":\"ListItem\",\"@id\":\"https:\\\/\\\/semillero.socios.com.co\\\/index.php\\\/category\\\/sin-categoria\\\/#listItem\",\"name\":\"Sin categor\\u00eda\"}},{\"@type\":\"ListItem\",\"@id\":\"https:\\\/\\\/semillero.socios.com.co\\\/index.php\\\/category\\\/sin-categoria\\\/#listItem\",\"position\":2,\"name\":\"Sin categor\\u00eda\",\"item\":\"https:\\\/\\\/semillero.socios.com.co\\\/index.php\\\/category\\\/sin-categoria\\\/\",\"nextItem\":{\"@type\":\"ListItem\",\"@id\":\"https:\\\/\\\/semillero.socios.com.co\\\/index.php\\\/2021\\\/10\\\/28\\\/participacion-en-el-congreso-internacional-multidisciplinario-de-investigacion\\\/#listItem\",\"name\":\"Participaci\\u00f3n en el Congreso Internacional Multidisciplinario de Investigaci\\u00f3n\"},\"previousItem\":{\"@type\":\"ListItem\",\"@id\":\"https:\\\/\\\/semillero.socios.com.co#listItem\",\"name\":\"Inicio\"}},{\"@type\":\"ListItem\",\"@id\":\"https:\\\/\\\/semillero.socios.com.co\\\/index.php\\\/2021\\\/10\\\/28\\\/participacion-en-el-congreso-internacional-multidisciplinario-de-investigacion\\\/#listItem\",\"position\":3,\"name\":\"Participaci\\u00f3n en el Congreso Internacional Multidisciplinario de Investigaci\\u00f3n\",\"previousItem\":{\"@type\":\"ListItem\",\"@id\":\"https:\\\/\\\/semillero.socios.com.co\\\/index.php\\\/category\\\/sin-categoria\\\/#listItem\",\"name\":\"Sin categor\\u00eda\"}}]},{\"@type\":\"Organization\",\"@id\":\"https:\\\/\\\/semillero.socios.com.co\\\/#organization\",\"name\":\"Semillero SISPEM\",\"description\":\"Universidad Industrial de Santander\",\"url\":\"https:\\\/\\\/semillero.socios.com.co\\\/\"},{\"@type\":\"Person\",\"@id\":\"https:\\\/\\\/semillero.socios.com.co\\\/index.php\\\/author\\\/sispem\\\/#author\",\"url\":\"https:\\\/\\\/semillero.socios.com.co\\\/index.php\\\/author\\\/sispem\\\/\",\"name\":\"Sispem\",\"image\":{\"@type\":\"ImageObject\",\"@id\":\"https:\\\/\\\/semillero.socios.com.co\\\/index.php\\\/2021\\\/10\\\/28\\\/participacion-en-el-congreso-internacional-multidisciplinario-de-investigacion\\\/#authorImage\",\"url\":\"https:\\\/\\\/secure.gravatar.com\\\/avatar\\\/8cb0d9d70bb0d5fc520a7a126523333e1a105b124d85b2382039d15b6db32917?s=96&d=mm&r=g\",\"width\":96,\"height\":96,\"caption\":\"Sispem\"}},{\"@type\":\"WebPage\",\"@id\":\"https:\\\/\\\/semillero.socios.com.co\\\/index.php\\\/2021\\\/10\\\/28\\\/participacion-en-el-congreso-internacional-multidisciplinario-de-investigacion\\\/#webpage\",\"url\":\"https:\\\/\\\/semillero.socios.com.co\\\/index.php\\\/2021\\\/10\\\/28\\\/participacion-en-el-congreso-internacional-multidisciplinario-de-investigacion\\\/\",\"name\":\"Participaci\\u00f3n en el Congreso Internacional Multidisciplinario de Investigaci\\u00f3n - Semillero SISPEM\",\"description\":\"En concordancia con los objetivos propuestos para el a\\u00f1o 2021, algunos de los integrantes del semillero participaron en la decimocuarta entrega del Congreso Internacional Multidisciplinario de Investigaci\\u00f3n realizado por la Universidad Aut\\u00f3noma de M\\u00e9xico, esta vez en formato virtual. Los estudiantes Luisa Osorio, Nataly Vergara, Melissa G\\u00f3mez y Javier Vesga realizaron sus ponencias durante la\",\"inLanguage\":\"es-ES\",\"isPartOf\":{\"@id\":\"https:\\\/\\\/semillero.socios.com.co\\\/#website\"},\"breadcrumb\":{\"@id\":\"https:\\\/\\\/semillero.socios.com.co\\\/index.php\\\/2021\\\/10\\\/28\\\/participacion-en-el-congreso-internacional-multidisciplinario-de-investigacion\\\/#breadcrumblist\"},\"author\":{\"@id\":\"https:\\\/\\\/semillero.socios.com.co\\\/index.php\\\/author\\\/sispem\\\/#author\"},\"creator\":{\"@id\":\"https:\\\/\\\/semillero.socios.com.co\\\/index.php\\\/author\\\/sispem\\\/#author\"},\"image\":{\"@type\":\"ImageObject\",\"url\":\"https:\\\/\\\/semillero.socios.com.co\\\/wp-content\\\/uploads\\\/2021\\\/12\\\/1.png\",\"@id\":\"https:\\\/\\\/semillero.socios.com.co\\\/index.php\\\/2021\\\/10\\\/28\\\/participacion-en-el-congreso-internacional-multidisciplinario-de-investigacion\\\/#mainImage\",\"width\":390,\"height\":222},\"primaryImageOfPage\":{\"@id\":\"https:\\\/\\\/semillero.socios.com.co\\\/index.php\\\/2021\\\/10\\\/28\\\/participacion-en-el-congreso-internacional-multidisciplinario-de-investigacion\\\/#mainImage\"},\"datePublished\":\"2021-10-28T17:58:00-05:00\",\"dateModified\":\"2021-12-02T19:02:15-05:00\"},{\"@type\":\"WebSite\",\"@id\":\"https:\\\/\\\/semillero.socios.com.co\\\/#website\",\"url\":\"https:\\\/\\\/semillero.socios.com.co\\\/\",\"name\":\"Semillero SISPEM\",\"description\":\"Universidad Industrial de Santander\",\"inLanguage\":\"es-ES\",\"publisher\":{\"@id\":\"https:\\\/\\\/semillero.socios.com.co\\\/#organization\"}}]}\n\t\t<\/script>\n\t\t<!-- All in One SEO -->\n\n","aioseo_head_json":{"title":"Participaci\u00f3n en el Congreso Internacional Multidisciplinario de Investigaci\u00f3n - Semillero SISPEM","description":"En concordancia con los objetivos propuestos para el a\u00f1o 2021, algunos de los integrantes del semillero participaron en la decimocuarta entrega del Congreso Internacional Multidisciplinario de Investigaci\u00f3n realizado por la Universidad Aut\u00f3noma de M\u00e9xico, esta vez en formato virtual. Los estudiantes Luisa Osorio, Nataly Vergara, Melissa G\u00f3mez y Javier Vesga realizaron sus ponencias durante la","canonical_url":"https:\/\/semillero.socios.com.co\/index.php\/2021\/10\/28\/participacion-en-el-congreso-internacional-multidisciplinario-de-investigacion\/","robots":"max-image-preview:large","keywords":"","webmasterTools":{"miscellaneous":""},"schema":{"@context":"https:\/\/schema.org","@graph":[{"@type":"BlogPosting","@id":"https:\/\/semillero.socios.com.co\/index.php\/2021\/10\/28\/participacion-en-el-congreso-internacional-multidisciplinario-de-investigacion\/#blogposting","name":"Participaci\u00f3n en el Congreso Internacional Multidisciplinario de Investigaci\u00f3n - Semillero SISPEM","headline":"Participaci\u00f3n en el Congreso Internacional Multidisciplinario de Investigaci\u00f3n","author":{"@id":"https:\/\/semillero.socios.com.co\/index.php\/author\/sispem\/#author"},"publisher":{"@id":"https:\/\/semillero.socios.com.co\/#organization"},"image":{"@type":"ImageObject","url":"https:\/\/semillero.socios.com.co\/wp-content\/uploads\/2021\/12\/1.png","width":390,"height":222},"datePublished":"2021-10-28T17:58:00-05:00","dateModified":"2021-12-02T19:02:15-05:00","inLanguage":"es-ES","mainEntityOfPage":{"@id":"https:\/\/semillero.socios.com.co\/index.php\/2021\/10\/28\/participacion-en-el-congreso-internacional-multidisciplinario-de-investigacion\/#webpage"},"isPartOf":{"@id":"https:\/\/semillero.socios.com.co\/index.php\/2021\/10\/28\/participacion-en-el-congreso-internacional-multidisciplinario-de-investigacion\/#webpage"},"articleSection":"Sin categor\u00eda"},{"@type":"BreadcrumbList","@id":"https:\/\/semillero.socios.com.co\/index.php\/2021\/10\/28\/participacion-en-el-congreso-internacional-multidisciplinario-de-investigacion\/#breadcrumblist","itemListElement":[{"@type":"ListItem","@id":"https:\/\/semillero.socios.com.co#listItem","position":1,"name":"Inicio","item":"https:\/\/semillero.socios.com.co","nextItem":{"@type":"ListItem","@id":"https:\/\/semillero.socios.com.co\/index.php\/category\/sin-categoria\/#listItem","name":"Sin categor\u00eda"}},{"@type":"ListItem","@id":"https:\/\/semillero.socios.com.co\/index.php\/category\/sin-categoria\/#listItem","position":2,"name":"Sin categor\u00eda","item":"https:\/\/semillero.socios.com.co\/index.php\/category\/sin-categoria\/","nextItem":{"@type":"ListItem","@id":"https:\/\/semillero.socios.com.co\/index.php\/2021\/10\/28\/participacion-en-el-congreso-internacional-multidisciplinario-de-investigacion\/#listItem","name":"Participaci\u00f3n en el Congreso Internacional Multidisciplinario de Investigaci\u00f3n"},"previousItem":{"@type":"ListItem","@id":"https:\/\/semillero.socios.com.co#listItem","name":"Inicio"}},{"@type":"ListItem","@id":"https:\/\/semillero.socios.com.co\/index.php\/2021\/10\/28\/participacion-en-el-congreso-internacional-multidisciplinario-de-investigacion\/#listItem","position":3,"name":"Participaci\u00f3n en el Congreso Internacional Multidisciplinario de Investigaci\u00f3n","previousItem":{"@type":"ListItem","@id":"https:\/\/semillero.socios.com.co\/index.php\/category\/sin-categoria\/#listItem","name":"Sin categor\u00eda"}}]},{"@type":"Organization","@id":"https:\/\/semillero.socios.com.co\/#organization","name":"Semillero SISPEM","description":"Universidad Industrial de Santander","url":"https:\/\/semillero.socios.com.co\/"},{"@type":"Person","@id":"https:\/\/semillero.socios.com.co\/index.php\/author\/sispem\/#author","url":"https:\/\/semillero.socios.com.co\/index.php\/author\/sispem\/","name":"Sispem","image":{"@type":"ImageObject","@id":"https:\/\/semillero.socios.com.co\/index.php\/2021\/10\/28\/participacion-en-el-congreso-internacional-multidisciplinario-de-investigacion\/#authorImage","url":"https:\/\/secure.gravatar.com\/avatar\/8cb0d9d70bb0d5fc520a7a126523333e1a105b124d85b2382039d15b6db32917?s=96&d=mm&r=g","width":96,"height":96,"caption":"Sispem"}},{"@type":"WebPage","@id":"https:\/\/semillero.socios.com.co\/index.php\/2021\/10\/28\/participacion-en-el-congreso-internacional-multidisciplinario-de-investigacion\/#webpage","url":"https:\/\/semillero.socios.com.co\/index.php\/2021\/10\/28\/participacion-en-el-congreso-internacional-multidisciplinario-de-investigacion\/","name":"Participaci\u00f3n en el Congreso Internacional Multidisciplinario de Investigaci\u00f3n - Semillero SISPEM","description":"En concordancia con los objetivos propuestos para el a\u00f1o 2021, algunos de los integrantes del semillero participaron en la decimocuarta entrega del Congreso Internacional Multidisciplinario de Investigaci\u00f3n realizado por la Universidad Aut\u00f3noma de M\u00e9xico, esta vez en formato virtual. Los estudiantes Luisa Osorio, Nataly Vergara, Melissa G\u00f3mez y Javier Vesga realizaron sus ponencias durante la","inLanguage":"es-ES","isPartOf":{"@id":"https:\/\/semillero.socios.com.co\/#website"},"breadcrumb":{"@id":"https:\/\/semillero.socios.com.co\/index.php\/2021\/10\/28\/participacion-en-el-congreso-internacional-multidisciplinario-de-investigacion\/#breadcrumblist"},"author":{"@id":"https:\/\/semillero.socios.com.co\/index.php\/author\/sispem\/#author"},"creator":{"@id":"https:\/\/semillero.socios.com.co\/index.php\/author\/sispem\/#author"},"image":{"@type":"ImageObject","url":"https:\/\/semillero.socios.com.co\/wp-content\/uploads\/2021\/12\/1.png","@id":"https:\/\/semillero.socios.com.co\/index.php\/2021\/10\/28\/participacion-en-el-congreso-internacional-multidisciplinario-de-investigacion\/#mainImage","width":390,"height":222},"primaryImageOfPage":{"@id":"https:\/\/semillero.socios.com.co\/index.php\/2021\/10\/28\/participacion-en-el-congreso-internacional-multidisciplinario-de-investigacion\/#mainImage"},"datePublished":"2021-10-28T17:58:00-05:00","dateModified":"2021-12-02T19:02:15-05:00"},{"@type":"WebSite","@id":"https:\/\/semillero.socios.com.co\/#website","url":"https:\/\/semillero.socios.com.co\/","name":"Semillero SISPEM","description":"Universidad Industrial de Santander","inLanguage":"es-ES","publisher":{"@id":"https:\/\/semillero.socios.com.co\/#organization"}}]},"og:locale":"es_ES","og:site_name":"Semillero SISPEM - Universidad Industrial de Santander","og:type":"article","og:title":"Participaci\u00f3n en el Congreso Internacional Multidisciplinario de Investigaci\u00f3n - Semillero SISPEM","og:description":"En concordancia con los objetivos propuestos para el a\u00f1o 2021, algunos de los integrantes del semillero participaron en la decimocuarta entrega del Congreso Internacional Multidisciplinario de Investigaci\u00f3n realizado por la Universidad Aut\u00f3noma de M\u00e9xico, esta vez en formato virtual. Los estudiantes Luisa Osorio, Nataly Vergara, Melissa G\u00f3mez y Javier Vesga realizaron sus ponencias durante la","og:url":"https:\/\/semillero.socios.com.co\/index.php\/2021\/10\/28\/participacion-en-el-congreso-internacional-multidisciplinario-de-investigacion\/","article:published_time":"2021-10-28T22:58:00+00:00","article:modified_time":"2021-12-03T00:02:15+00:00","twitter:card":"summary_large_image","twitter:title":"Participaci\u00f3n en el Congreso Internacional Multidisciplinario de Investigaci\u00f3n - Semillero SISPEM","twitter:description":"En concordancia con los objetivos propuestos para el a\u00f1o 2021, algunos de los integrantes del semillero participaron en la decimocuarta entrega del Congreso Internacional Multidisciplinario de Investigaci\u00f3n realizado por la Universidad Aut\u00f3noma de M\u00e9xico, esta vez en formato virtual. Los estudiantes Luisa Osorio, Nataly Vergara, Melissa G\u00f3mez y Javier Vesga realizaron sus ponencias durante la"},"aioseo_meta_data":{"post_id":"3337","title":"#post_title #separator_sa #site_title","description":"#post_excerpt","keywords":[],"keyphrases":{"focus":[],"additional":[]},"primary_term":null,"canonical_url":null,"og_title":null,"og_description":null,"og_object_type":"default","og_image_type":"default","og_image_url":null,"og_image_width":null,"og_image_height":null,"og_image_custom_url":null,"og_image_custom_fields":null,"og_video":"","og_custom_url":null,"og_article_section":null,"og_article_tags":[],"twitter_use_og":false,"twitter_card":"default","twitter_image_type":"default","twitter_image_url":null,"twitter_image_custom_url":null,"twitter_image_custom_fields":null,"twitter_title":null,"twitter_description":null,"schema":{"blockGraphs":[],"customGraphs":[],"default":{"data":{"Article":{"id":"aioseo-article-63d1eac2aae2a","slug":"article","graphName":"Article","label":"Art\u00edculo","properties":{"type":"BlogPosting","name":"#post_title","headline":"#post_title","description":"#post_excerpt","image":"","keywords":"","author":{"name":"#author_name","url":"#author_url"},"dates":{"include":true,"datePublished":"","dateModified":""}}},"Course":[],"Dataset":[],"FAQPage":[],"Movie":[],"Person":[],"Product":[],"ProductReview":[],"Car":[],"Recipe":[],"Service":[],"SoftwareApplication":[],"WebPage":[]},"graphName":"Article","isEnabled":true},"graphs":[]},"schema_type":"default","schema_type_options":"{\"article\":{\"articleType\":\"BlogPosting\"},\"course\":{\"name\":\"\",\"description\":\"\",\"provider\":\"\"},\"faq\":{\"pages\":[]},\"product\":{\"reviews\":[]},\"recipe\":{\"ingredients\":[],\"instructions\":[],\"keywords\":[]},\"software\":{\"reviews\":[],\"operatingSystems\":[]},\"webPage\":{\"webPageType\":\"WebPage\"}}","pillar_content":false,"robots_default":true,"robots_noindex":false,"robots_noarchive":false,"robots_nosnippet":false,"robots_nofollow":false,"robots_noimageindex":false,"robots_noodp":false,"robots_notranslate":false,"robots_max_snippet":"-1","robots_max_videopreview":"-1","robots_max_imagepreview":"large","priority":null,"frequency":"default","local_seo":null,"limit_modified_date":false,"created":"2021-12-02 22:58:08","updated":"2026-09-02 14:39:30","focus_keyword":null,"additional_keywords":null,"truseo_locale":null,"ai":null,"breadcrumb_settings":null,"seo_analyzer_scan_date":null},"aioseo_breadcrumb":"<div class=\"aioseo-breadcrumbs\"><span class=\"aioseo-breadcrumb\">\n\t\t\t<a href=\"https:\/\/semillero.socios.com.co\" title=\"Inicio\">Inicio<\/a>\n\t\t<\/span><span class=\"aioseo-breadcrumb-separator\">&raquo;<\/span><span class=\"aioseo-breadcrumb\">\n\t\t\t<a href=\"https:\/\/semillero.socios.com.co\/index.php\/category\/sin-categoria\/\" title=\"Sin categor\u00eda\">Sin categor\u00eda<\/a>\n\t\t<\/span><span class=\"aioseo-breadcrumb-separator\">&raquo;<\/span><span class=\"aioseo-breadcrumb\">\n\t\t\tParticipaci\u00f3n en el Congreso Internacional Multidisciplinario de Investigaci\u00f3n\n\t\t<\/span><\/div>","aioseo_breadcrumb_json":[{"label":"Inicio","link":"https:\/\/semillero.socios.com.co"},{"label":"Sin categor\u00eda","link":"https:\/\/semillero.socios.com.co\/index.php\/category\/sin-categoria\/"},{"label":"Participaci\u00f3n en el Congreso Internacional Multidisciplinario de Investigaci\u00f3n","link":"https:\/\/semillero.socios.com.co\/index.php\/2021\/10\/28\/participacion-en-el-congreso-internacional-multidisciplinario-de-investigacion\/"}],"_links":{"self":[{"href":"https:\/\/semillero.socios.com.co\/index.php\/wp-json\/wp\/v2\/posts\/3337","targetHints":{"allow":["GET"]}}],"collection":[{"href":"https:\/\/semillero.socios.com.co\/index.php\/wp-json\/wp\/v2\/posts"}],"about":[{"href":"https:\/\/semillero.socios.com.co\/index.php\/wp-json\/wp\/v2\/types\/post"}],"author":[{"embeddable":true,"href":"https:\/\/semillero.socios.com.co\/index.php\/wp-json\/wp\/v2\/users\/1"}],"replies":[{"embeddable":true,"href":"https:\/\/semillero.socios.com.co\/index.php\/wp-json\/wp\/v2\/comments?post=3337"}],"version-history":[{"count":2,"href":"https:\/\/semillero.socios.com.co\/index.php\/wp-json\/wp\/v2\/posts\/3337\/revisions"}],"predecessor-version":[{"id":3350,"href":"https:\/\/semillero.socios.com.co\/index.php\/wp-json\/wp\/v2\/posts\/3337\/revisions\/3350"}],"wp:featuredmedia":[{"embeddable":true,"href":"https:\/\/semillero.socios.com.co\/index.php\/wp-json\/wp\/v2\/media\/3341"}],"wp:attachment":[{"href":"https:\/\/semillero.socios.com.co\/index.php\/wp-json\/wp\/v2\/media?parent=3337"}],"wp:term":[{"taxonomy":"category","embeddable":true,"href":"https:\/\/semillero.socios.com.co\/index.php\/wp-json\/wp\/v2\/categories?post=3337"},{"taxonomy":"post_tag","embeddable":true,"href":"https:\/\/semillero.socios.com.co\/index.php\/wp-json\/wp\/v2\/tags?post=3337"}],"curies":[{"name":"wp","href":"https:\/\/api.w.org\/{rel}","templated":true}]}}